{"id":44,"date":"2023-11-12T16:45:36","date_gmt":"2023-11-12T15:45:36","guid":{"rendered":"https:\/\/verein-erdreich.at\/?p=44"},"modified":"2024-02-11T11:07:53","modified_gmt":"2024-02-11T10:07:53","slug":"klima-verstehen","status":"publish","type":"post","link":"https:\/\/verein-erdreich.at\/?p=44","title":{"rendered":"KLIMA VERSTEHEN"},"content":{"rendered":"\n<p class=\"has-text-align-center has-black-color has-pale-cyan-blue-background-color has-text-color has-background has-link-color wp-elements-5ec585ed0c38fb9344e41e0bc6b51fdf\"><strong>>>> VORTRAG am Freitag, 24. November 2023 &lt;&lt;&lt;<\/strong><\/p>\n\n\n<div class=\"wp-block-image\">\n<figure class=\"aligncenter size-full\"><img loading=\"lazy\" decoding=\"async\" width=\"564\" height=\"723\" src=\"https:\/\/verein-erdreich.at\/wp-content\/uploads\/2023\/11\/NEU.jpg\" alt=\"\" class=\"wp-image-45\" srcset=\"https:\/\/verein-erdreich.at\/wp-content\/uploads\/2023\/11\/NEU.jpg 564w, https:\/\/verein-erdreich.at\/wp-content\/uploads\/2023\/11\/NEU-234x300.jpg 234w\" sizes=\"auto, (max-width: 564px) 100vw, 564px\" \/><\/figure>\n<\/div>\n\n<p>Der promovierte Physiker Dr. Bernhard Strehl erl\u00e4utert in verst\u00e4ndlicher Form die physikalischen Fakten und Mechanismen, die zur Ver\u00e4nderung des Klimas f\u00fchren. Ausf\u00fchrlich und gr\u00fcndlich wird erkl\u00e4rt, welchen Beitrag zum Klimawandel das vom Menschen verursachte CO2 tats\u00e4chlich hat.\u00a0<\/p>\n<blockquote>\n<p>&gt;&gt; Klima: Vergangenheit und Ist-Zustand<\/p>\n<p>&gt;&gt; Grundlagen und Mechanismen<\/p>\n<p>&gt;&gt; Klimawandel<\/p>\n<p>&gt;&gt; Schlussfolgerungen<\/p>\n<p>&gt;&gt; Diskussion<\/p>\n<\/blockquote>\n<p><strong>Aufgrund der gro\u00dfen Nachfrage bitten wir euch um kurze Info, dass ihr kommt bzw. mit wie vielen Personen ihr kommen werdet.\u00a0<\/strong><\/p>\n<p><strong>Entweder unter +43 660 521 58 49 (Anruf, Whatsapp, Telegramm) oder info@verein-erdreich.at<\/strong><\/p>\n<p>Somit ist gew\u00e4hrleistet, dass gen\u00fcgend Verpflegung und vor allem auch Sitzpl\u00e4tze vorbereitet sind!\u00a0<\/p>\n<p>Wir freuen uns auf euch und falls ihr den Vortrag auch gerne selbst bewerben m\u00f6chtet, schicken wir euch gerne das Bild\/die Einladung zum Teilen. Auch Flyer und kleine Plakate k\u00f6nnen wir euch zum Verteilen und Aufh\u00e4ngen geben &#8211; meldet euch einfach! \ud83d\ude42<\/p>","protected":false},"excerpt":{"rendered":"<p>>>> VORTRAG am Freitag, 24. November 2023 &lt;&lt;&lt; Der promovierte Physiker Dr. Bernhard Strehl erl\u00e4utert in verst\u00e4ndlicher Form die physikalischen Fakten und Mechanismen, die zur Ver\u00e4nderung des Klimas f\u00fchren. Ausf\u00fchrlich und gr\u00fcndlich wird erkl\u00e4rt, welchen Beitrag zum Klimawandel das vom Menschen verursachte CO2 tats\u00e4chlich hat.\u00a0 &gt;&gt; Klima: Vergangenheit und Ist-Zustand &gt;&gt; Grundlagen und Mechanismen &gt;&gt;<\/p>\n<div class=\"read-more-wrapper\"><a class=\"read-more\" href=\"https:\/\/verein-erdreich.at\/?p=44\" title=\"Read More\"> <span class=\"button \">Read More<\/span><\/a><\/div>\n","protected":false},"author":1,"featured_media":0,"comment_status":"closed","ping_status":"open","sticky":false,"template":"","format":"standard","meta":{"footnotes":""},"categories":[1],"tags":[],"class_list":["post-44","post","type-post","status-publish","format-standard","hentry","category-uncategorized"],"_links":{"self":[{"href":"https:\/\/verein-erdreich.at\/index.php?rest_route=\/wp\/v2\/posts\/44","targetHints":{"allow":["GET"]}}],"collection":[{"href":"https:\/\/verein-erdreich.at\/index.php?rest_route=\/wp\/v2\/posts"}],"about":[{"href":"https:\/\/verein-erdreich.at\/index.php?rest_route=\/wp\/v2\/types\/post"}],"author":[{"embeddable":true,"href":"https:\/\/verein-erdreich.at\/index.php?rest_route=\/wp\/v2\/users\/1"}],"replies":[{"embeddable":true,"href":"https:\/\/verein-erdreich.at\/index.php?rest_route=%2Fwp%2Fv2%2Fcomments&post=44"}],"version-history":[{"count":3,"href":"https:\/\/verein-erdreich.at\/index.php?rest_route=\/wp\/v2\/posts\/44\/revisions"}],"predecessor-version":[{"id":48,"href":"https:\/\/verein-erdreich.at\/index.php?rest_route=\/wp\/v2\/posts\/44\/revisions\/48"}],"wp:attachment":[{"href":"https:\/\/verein-erdreich.at\/index.php?rest_route=%2Fwp%2Fv2%2Fmedia&parent=44"}],"wp:term":[{"taxonomy":"category","embeddable":true,"href":"https:\/\/verein-erdreich.at\/index.php?rest_route=%2Fwp%2Fv2%2Fcategories&post=44"},{"taxonomy":"post_tag","embeddable":true,"href":"https:\/\/verein-erdreich.at\/index.php?rest_route=%2Fwp%2Fv2%2Ftags&post=44"}],"curies":[{"name":"wp","href":"https:\/\/api.w.org\/{rel}","templated":true}]}}